{"id":283784,"date":"2025-01-28T11:32:19","date_gmt":"2025-01-28T11:32:19","guid":{"rendered":"https:\/\/tripthis.eu\/?p=283784"},"modified":"2025-01-28T11:32:19","modified_gmt":"2025-01-28T11:32:19","slug":"atklaj-valensijas-burvibu-pludmales-arhitektura-tradicijas-un-gardezu-baudas","status":"publish","type":"post","link":"https:\/\/new.tripthis.eu\/en\/atklaj-valensijas-burvibu-pludmales-arhitektura-tradicijas-un-gardezu-baudas\/","title":{"rendered":"Discover the magic of Valencia: beaches, architecture, traditions and gourmet delights!"},"content":{"rendered":"<p><em>Advertisement<\/em>.<\/p>\n<p>&nbsp;<\/p>\n<p>Valensija ir Vidusj\u016bras piekrastes pils\u0113ta, un t\u0101 ir tre\u0161\u0101 liel\u0101k\u0101 pils\u0113ta Sp\u0101nij\u0101. Smil\u0161ainas pludmales, grezni v\u0113sturiskie pieminek\u013ci, p\u0101rsteidzo\u0161a arhitekt\u016bra un vareni gards \u0113diens &#8211; tas un v\u0113l daudz kas cits sagaida pils\u0113tas apmekl\u0113t\u0101jus. Valensij\u0101 saule sp\u012bd gandr\u012bz katru dienu, visu cauru gadu un pils\u0113t\u0101 notiek ros\u012bba dienu no dienas. Mazas, est\u0113tiskas kafejn\u012bcas, kur padzert svaigi spiestu apels\u012bnu sulu un uz\u0113st nesen las\u012btas ol\u012bvas atrad\u012bsiet ik uz so\u013ca!<\/p>\n<p>\u0160\u012b ir pils\u0113ta, kur rodas saj\u016bta, ka laiks rit cit\u0101di &#8211; l\u0113n\u0101k, dzi\u013c\u0101k un piepild\u012bt\u0101k. Atbraucot uz Valensiju j\u0101r\u0113\u0137in\u0101s ar to, ka grib\u0113sies \u0161eit atgriezties atkal un atkal! \u0160\u012b neap\u0161aub\u0101mi ir viena no lab\u0101kaj\u0101m pils\u0113t\u0101m, ko apmekl\u0113t, dodoties uz Sp\u0101niju.<\/p>\n<p><a href=\"https:\/\/track.adform.net\/C\/?bn=78729123\" target=\"_blank\" rel=\"noopener\"><img fetchpriority=\"high\" decoding=\"async\" class=\"aligncenter size-full wp-image-283951\" src=\"https:\/\/new.tripthis.eu\/wp-content\/uploads\/2024\/08\/airbaltic-valencia-336x280-3-LV.jpg\" alt=\"\" width=\"336\" height=\"280\" \/><\/a><\/p>\n<h3><strong>LIDOJUMU DATUMI:<\/strong><\/h3>\n<p><a href=\"https:\/\/track.adform.net\/C\/?bn=78729123\" target=\"_blank\" rel=\"noopener\"><strong>Lidojums turp: R\u012bga &#8211; Valensija<\/strong><\/a><\/p>\n<p><strong>Piem\u0113rs bi\u013ce\u0161u cen\u0101m:<\/strong><\/p>\n<p><a href=\"https:\/\/track.adform.net\/C\/?bn=78729123\" target=\"_blank\" rel=\"noopener\"><img decoding=\"async\" class=\"aligncenter size-full wp-image-283978\" src=\"https:\/\/new.tripthis.eu\/wp-content\/uploads\/2025\/01\/Screenshot-2025-01-29-at-17.41.26.png\" alt=\"\" width=\"2072\" height=\"1312\" \/><\/a><\/p>\n<h2 style=\"text-align: center;\"><a href=\"https:\/\/track.adform.net\/C\/?bn=78729123\" target=\"_blank\" rel=\"noopener\">Aviobi\u013cetes mekl\u0113 airBaltic m\u0101jaslap\u0101<\/a><\/h2>\n<h1>Valensijas galvenie t\u016brisma objekti:<\/h1>\n<p>Valensija ir milz\u012bga pils\u0113ta, un taj\u0101 ir neskait\u0101mi apskates objekti un izklaides iesp\u0113jas. Viena no pirmaj\u0101m liet\u0101m, ko vajadz\u0113tu izdar\u012bt ierodoties Valensij\u0101, ir izstaig\u0101t t\u0101s vecpils\u0113tu. T\u0101 noteikti ir viena no skaist\u0101kaj\u0101m pils\u0113tas da\u013c\u0101m.<\/p>\n<h1>L&#8217;Oceanogr\u00e0fic muzejs<\/h1>\n<p>Viens no galvenajiem t\u016brisma objektiem Valensij\u0101 noteikti ir <em>L&#8217;Oceanogr\u00e0fic\u00a0<\/em>muzejs. Tas atrodas M\u0101kslas un Zin\u0101t\u0146u centra teritorij\u0101, un ir viens no liel\u0101kajiem un iespaid\u012bg\u0101kajiem okeanogr\u0101fijas muzejiem vis\u0101 pasaul\u0113. Kompleks\u0101 apmekl\u0113t\u0101ji iepaz\u012bs pasaules oke\u0101nus, to iem\u012btniekus un da\u017e\u0101das ekosist\u0113mas, vienlaikus baudot moderno muzeja arhitekt\u016bru. Tas ir k\u0101 logs uz zem\u016bdens pasauli, kur apmekl\u0113t\u0101ji ieraudz\u012bs j\u016bras dz\u012bvi piln\u0101 t\u0101s daudzveid\u012bb\u0101 \u2013 s\u0101kot no majest\u0101tiskiem va\u013ciem un haiziv\u012bm l\u012bdz smalkiem tropiskajiem kora\u013c\u013ciem un d\u012bvainiem dzi\u013c\u016bdens iem\u012btniekiem. Muzejs ir sadal\u012bts vair\u0101k\u0101s da\u013c\u0101s, un vairum\u0101 no tiem b\u016bs iesp\u0113ja izstaig\u0101t tune\u013cus, kas liks sajusties k\u0101 da\u013cai no zem\u016bdens pasaules.<\/p>\n<p><img decoding=\"async\" class=\"alignnone wp-image-283786 size-large\" src=\"https:\/\/new.tripthis.eu\/wp-content\/uploads\/2025\/01\/Noformejums-bez-nosaukuma-1-1024x1024.jpg\" alt=\"Muzejs ir sadal\u012bts vair\u0101k\u0101s da\u013c\u0101s, un vairum\u0101 no tiem b\u016bs iesp\u0113ja izstaig\u0101t tune\u013cus, kas liks sajusties k\u0101 da\u013cai no zem\u016bdens pasaules.\u00a0\" width=\"1024\" height=\"1024\" \/><\/p>\n<p>Okneogr\u0101fijas muzejs noteikti neb\u016bs vien\u012bg\u0101 aizraujo\u0161\u0101 nodarbe M\u0101kslas un Zin\u0101t\u0146u centra teritorij\u0101. Komplekss ir t\u0101 v\u0113rts pat vienk\u0101r\u0161ai pastaigai cauri tam. Lai to k\u0101rt\u012bgi izstaig\u0101tu, j\u0101iepl\u0101no vismaz tr\u012bs l\u012bdz \u010detras stundas. Tas ir zin\u0101tnisks un kult\u016bras atp\u016btas centrs, kas aptver aptuveni divus kilometrus no biju\u0161\u0101s Turijas upes gultnes. Noteikti izmanto iesp\u0113ju un dodies laivu izbraucien\u0101 pa kompleksa galveno baseinu.<\/p>\n<p><img loading=\"lazy\" decoding=\"async\" class=\"alignnone wp-image-283787 size-large\" src=\"https:\/\/new.tripthis.eu\/wp-content\/uploads\/2025\/01\/Noformejums-bez-nosaukuma-2-1024x1024.jpg\" alt=\"M\u0101kslas un Zin\u0101t\u0146u pils\u0113ta\" width=\"1024\" height=\"1024\" \/><\/p>\n<p>&nbsp;<\/p>\n<h1>Valensijas centr\u0101ltirgus<\/h1>\n<p>Valensija lepojas ar savu milz\u012bgo centr\u0101ltirgu, kur\u0161 ir liel\u0101kais vis\u0101 Eirop\u0101! T\u0101 kop\u0113j\u0101 plat\u012bba p\u0101rsniedz 8000 kvadr\u0101tmetrus, un taj\u0101 ir vair\u0101k nek\u0101 1000 stendu. T\u0101 k\u0101 sp\u0101\u0146i ir \u012bsti gard\u0113\u017ei, \u0161\u012b b\u016bs vieta, kur var\u0113si baud\u012bt neskait\u0101mus kulin\u0101rijas br\u012bnumus. Noteikti nogar\u0161o sp\u0101\u0146u tradicion\u0101lo <em>Jamon Iberico ,\u00a0<\/em>sp\u0101\u0146u tradicion\u0101lo omleti un visda\u017e\u0101d\u0101k\u0101s\u00a0<em>tapas<\/em> , kas ir uzkodu tipa malt\u012btes neskait\u0101m\u0101s vari\u0101cij\u0101s. Valensijas centr\u0101ltirgus neap\u0161aub\u0101mi ir viens no galvenajiem t\u016brisma objektiem, kas j\u0101apmekl\u0113, ja ce\u013ci atvedu\u0161i uz Valensiju. Pati tirgus \u0113ka ir spilgts Modernisma piem\u0113rs, kuru projekt\u0113ju\u0161i arhitekti Aleksandrs Solers un Fransisko Guardia.<\/p>\n<p><img loading=\"lazy\" decoding=\"async\" class=\"alignnone wp-image-283789 size-large\" src=\"https:\/\/new.tripthis.eu\/wp-content\/uploads\/2025\/01\/Noformejums-bez-nosaukuma-4-1024x1024.jpg\" alt=\"Valensijas centr\u0101ltirgus\" width=\"1024\" height=\"1024\" \/><\/p>\n<p>\u0160eit var atrast pla\u0161u viet\u0113jo produktu kl\u0101stu \u2013 s\u0101kot no svaigiem aug\u013ciem un d\u0101rze\u0146iem l\u012bdz j\u016bras velt\u0113m, sieriem, gar\u0161viel\u0101m un tradicion\u0101liem Valensijas produktiem, piem\u0113ram, <em>horchata<\/em> and <em>jam\u00f3n serrano<\/em>. T\u0101 ir vieta, kur sajut\u012bsi autentisku Valensijas gar\u0161u.<\/p>\n<p><img loading=\"lazy\" decoding=\"async\" class=\"alignnone wp-image-283790 size-large\" src=\"https:\/\/new.tripthis.eu\/wp-content\/uploads\/2025\/01\/Noformejums-bez-nosaukuma-5-1024x1024.jpg\" alt=\"Valensijas centr\u0101ltirgus\" width=\"1024\" height=\"1024\" \/><\/p>\n<p><a href=\"https:\/\/track.adform.net\/C\/?bn=78729123\" target=\"_blank\" rel=\"noopener\"><img fetchpriority=\"high\" decoding=\"async\" class=\"aligncenter size-full wp-image-283951\" src=\"https:\/\/new.tripthis.eu\/wp-content\/uploads\/2024\/08\/airbaltic-valencia-336x280-3-LV.jpg\" alt=\"\" width=\"336\" height=\"280\" \/><\/a><\/p>\n<h1>V\u0113sturiskie pieminek\u013ci<\/h1>\n<p>Valensija ir bag\u0101ta ar v\u0113sturiskiem pieminek\u013ciem, kas atspogu\u013co laikus no senajiem romie\u0161iem l\u012bdz pat\u00a0 kristiet\u012bbas uzplaukumam. Noteikti nevajag laist gar\u0101m iesp\u0113ju apmekl\u0113t grezno <strong>Valensijas katedr\u0101li<\/strong>, kas paz\u012bstama ar\u012b k\u0101 <em>La Seu. <\/em>T\u0101 ir celta 13. gadsimt\u0101 uz k\u0101dreiz\u0113j\u0101s mo\u0161ejas pamatiem, un arhitekti taj\u0101 apvienoju\u0161i gotikas, renesanses, baroka un neoklasicisma arhitekt\u016bras elementus. Viena no galvenaj\u0101m apskates viet\u0101m katedr\u0101l\u0113 ir Sv\u0113t\u0101 Gr\u0101la kapela, kur, k\u0101 tiek uzskat\u012bts, glab\u0101jas ori\u0123in\u0101lais Sv\u0113tais Gr\u0101ls &#8211; kauss, no kura J\u0113zus dz\u0113ris P\u0113d\u0113j\u0101s vakari\u0146as.<\/p>\n<p><img loading=\"lazy\" decoding=\"async\" class=\"alignnone wp-image-283791 size-large\" src=\"https:\/\/new.tripthis.eu\/wp-content\/uploads\/2025\/01\/Noformejums-bez-nosaukuma-6-1024x1024.jpg\" alt=\"Valensijas katedr\u0101li\" width=\"1024\" height=\"1024\" \/><\/p>\n<p>T\u0101pat, ne maz\u0101k iespaid\u012bga ir slaven\u0101 <strong><em>Lonja de la Seda\u00a0<\/em><\/strong>\u0113ka, kas ir viens no Valensijas iev\u0113rojam\u0101kajiem v\u0113stures un arhitekt\u016bras pieminek\u013ciem. T\u0101 ir izcils v\u0113l\u0101 gotikas arhitekt\u016bras piem\u0113rs. T\u0101 celtniec\u012bba s\u0101k\u0101s 1482. gad\u0101, un t\u0101s projekt\u0113\u0161an\u0101 piedal\u012bj\u0101s arhitekts Pj\u0113rs Komperts. \u0112kas dizain\u0101 ir iek\u013cauti grezni, gotikas stilam rakstur\u012bgi elementi ar detaliz\u0113tiem akmens grebumiem. \u0112ku ir iesp\u0113jams izstaig\u0101t un iedzi\u013cin\u0101ties Valensijas senaj\u0101 v\u0113stur\u0113. \u0112kas iek\u0161pagalm\u0101 atrodas ar\u012b burv\u012bgs d\u0101rzs, kur patverties no pils\u0113tas k\u0146ado\u0146as.<\/p>\n<p><img loading=\"lazy\" decoding=\"async\" class=\"alignnone wp-image-283792 size-large\" src=\"https:\/\/new.tripthis.eu\/wp-content\/uploads\/2025\/01\/Noformejums-bez-nosaukuma-7-1024x1024.jpg\" alt=\"Lonja de la Seda\" width=\"1024\" height=\"1024\" \/><\/p>\n<p>Pils\u0113t\u0101 apskati ar\u012b <strong>Karmena kvart\u0101lu<\/strong> (<em>El Barrio del Carmen<\/em>), kas glu\u017ei vai ieraus laika ma\u0161\u012bn\u0101 un liks atgriezties 1000 gadus sen\u0101 pag\u0101tn\u0113. Karmena kvart\u0101ls ir viens no Valensijas vec\u0101kajiem, dz\u012bv\u012bg\u0101kajiem un kult\u016brv\u0113sturiski bag\u0101t\u0101kajiem rajoniem. Rajons savu nosaukumu ieguva no <em>Carmen Calzado<\/em> klostera, kas tur tika uzcelts 13. gadsimt\u0101. \u0160is klosteris joproj\u0101m past\u0101v un ir viens no noz\u012bm\u012bg\u0101kajiem v\u0113sturiskajiem objektiem rajon\u0101. Karmena kvart\u0101ls atrodas Valensijas v\u0113sturiskaj\u0101 centr\u0101, un t\u0101 \u0161aur\u0101s ieli\u0146as, v\u0113sturisk\u0101s \u0113kas padara to par popul\u0101ru vietu gan viet\u0113jo, gan t\u016bristu vid\u016b.<\/p>\n<p><img loading=\"lazy\" decoding=\"async\" class=\"alignnone wp-image-283793 size-large\" src=\"https:\/\/new.tripthis.eu\/wp-content\/uploads\/2025\/01\/Noformejums-bez-nosaukuma-8-1024x1024.jpg\" alt=\"Barrio Del Carmen Valencia\" width=\"1024\" height=\"1024\" \/><\/p>\n<p>&nbsp;<\/p>\n<h1>Valensijas Bioparks<\/h1>\n<p>Valensijas bioparks ir unik\u0101ls zoolo\u0123iskais d\u0101rzs, kas atrodas Valensijas pils\u0113t\u0101, un taj\u0101 ir iesp\u0113jams apskat\u012bt dz\u012bvniekus, kas dz\u012bvo vi\u0146a nepiecie\u0161am\u012bb\u0101m atbilsto\u0161\u0101 vid\u0113. At\u0161\u0137ir\u012bb\u0101 no tradicion\u0101lajiem zoolo\u0123iskajiem d\u0101rziem, Bioparks cen\u0161as piln\u012bb\u0101 atdarin\u0101t dz\u012bvnieku dabisko vidi. Dz\u012bvnieku teritorijas ir pla\u0161as, bez redzamiem \u017eogiem vai b\u016briem. Tas ne tikai padara apmekl\u0113jumu aizraujo\u0161\u0101ku, bet ar\u012b nodro\u0161ina, ka dz\u012bvnieki dz\u012bvo p\u0113c iesp\u0113jas tuv\u0101k saviem dabiskajiem apst\u0101k\u013ciem. \u017dirafes, zebras, antilopes, gorillas, \u0161impanzes, eksotiskie putni, n\u012blzirgi, krokodili un daudzi citi dz\u012bvnieki j\u016bs sagaida Valensijas Biopark\u0101.<\/p>\n<p><img loading=\"lazy\" decoding=\"async\" class=\"alignnone wp-image-283810 size-large\" src=\"https:\/\/new.tripthis.eu\/wp-content\/uploads\/2025\/01\/Montanejos-karstie-avoti-ir-dabiski-mineraludens-baseini-kas-piepilditi-ar-kristaldzidru-udeni.-Udens-temperatura-visu-gadu-ir-aptuveni-25-%C2%B0C-padarot-tos-par-lielisku-apmeklejuma-vietu-jebkura-s-3-1024x1024.jpg\" alt=\"Valensijas Bioparks\" width=\"1024\" height=\"1024\" \/><\/p>\n<p>&nbsp;<\/p>\n<h1 id=\"23\"><strong>La Malvarrosa pludmale<\/strong><\/h1>\n<p>La Malvarrosa ir viena no popul\u0101r\u0101kaj\u0101m pludmal\u0113m Valensij\u0101. Atrodoties tikai \u012bsa brauciena att\u0101lum\u0101 no pils\u0113tas centra, t\u0101 ir viegli pieejama, un par to, ka pludmale var\u0113tu b\u016bt pilna ar cilv\u0113kiem nemaz neb\u016bs j\u0101satraucas, jo t\u0101 ir milz\u012bga. J\u016bras \u016bdens \u0161eit gandr\u012bz vienm\u0113r ir mier\u012bgs un krist\u0101ldzidrs. La Malvarrosa pludmal\u0113 bie\u017ei vien norisin\u0101s ar\u012b da\u017e\u0101di pas\u0101kumi, festiv\u0101li un uguns \u0161ovi, sevi\u0161\u0137i <em>Fallas<\/em> festiv\u0101la laik\u0101.<\/p>\n<p><img loading=\"lazy\" decoding=\"async\" class=\"alignnone wp-image-283811 size-large\" src=\"https:\/\/new.tripthis.eu\/wp-content\/uploads\/2025\/01\/Montanejos-karstie-avoti-ir-dabiski-mineraludens-baseini-kas-piepilditi-ar-kristaldzidru-udeni.-Udens-temperatura-visu-gadu-ir-aptuveni-25-%C2%B0C-padarot-tos-par-lielisku-apmeklejuma-vietu-jebkura-s-4-1024x1024.jpg\" alt=\"La Malvarrosa pludmale\" width=\"1024\" height=\"1024\" \/><\/p>\n<p>&nbsp;<\/p>\n<p>&nbsp;<\/p>\n<h1>Valensijas apk\u0101rtne<\/h1>\n<p>Valensijas pils\u0113tas da\u013ca ir apburo\u0161a &#8211; par to nav \u0161aubu. Bet apk\u0101rt pils\u0113tai atrodas daudz citu pasakainu apskates objektu, kuri ir ne maz\u0101k iespaid\u012bgi k\u0101 pa\u0161\u0101 pils\u0113t\u0101 redz\u0113tais!<\/p>\n<h1>Montanejos karstie avoti<\/h1>\n<p>Montanejos ir gleznains ciemats Valensijas provinc\u0113, kas slavens ar saviem dabiskajiem karstajiem avotiem (<em>Fuentes Termales de Montanejos<\/em>). Lai vai \u0161\u012b vieta atrodas 95 km att\u0101lum\u0101 no Valensijas, \u0161is b\u016bs ide\u0101ls galam\u0113r\u0137is dabas m\u012b\u013cot\u0101jiem, piedz\u012bvojumu cien\u012bt\u0101jiem un tiem, kas v\u0113las relaks\u0113ties skaist\u0101 un mierpiln\u0101 vid\u0113. Montanejos karstie avoti ir dabiski veidoju\u0161ies krist\u0101ldzidra \u016bdens baseini, kuru temperat\u016bra visu gadu ir aptuveni 25 \u00b0C. Tiek uzskat\u012bts, ka \u0161iem avotiem piem\u012bt terapeitiskas \u012bpa\u0161\u012bbas, pateicoties miner\u0101lvielu bag\u0101t\u012bbai, kas pozit\u012bvi ietekm\u0113 \u0101du un vesel\u012bbu.<\/p>\n<p><img loading=\"lazy\" decoding=\"async\" class=\"alignnone wp-image-283807 size-large\" src=\"https:\/\/new.tripthis.eu\/wp-content\/uploads\/2025\/01\/Montanejos-karstie-avoti-ir-dabiski-mineraludens-baseini-kas-piepilditi-ar-kristaldzidru-udeni.-Udens-temperatura-visu-gadu-ir-aptuveni-25-%C2%B0C-padarot-tos-par-lielisku-apmeklejuma-vietu-jebkura-s-1024x1024.jpg\" alt=\"Montanejos karstie avoti\" width=\"1024\" height=\"1024\" \/><\/p>\n<h1>Albufera Nacion\u0101lais parks<\/h1>\n<p>Albufera Nacion\u0101lais parks atrodas tikai 10\u201315 kilometru att\u0101lum\u0101 no Valensijas pils\u0113tas centra. Tas ir viens no liel\u0101kajiem dabas parkiem Sp\u0101nij\u0101.\u00a0Albufera dabas parka galvenais apskates objekts ir Sp\u0101nijas liel\u0101kais sald\u016bdens ezers, kas ir m\u0101jvieta daudziem putnu sugu p\u0101rst\u0101vjiem. Lag\u016bnu no Vidusj\u016bras atdala \u0161aura smil\u0161u k\u0101pa josla, ko kl\u0101j me\u017ei un pludmales. Parks ir izcils putnu v\u0113ro\u0161anas galam\u0113r\u0137is. Taj\u0101 dz\u012bvo vair\u0101k nek\u0101 300 putnu sugu, tostarp flamingo, g\u0101r\u0146i un karaliskie \u0113rg\u013ci.\u00a0 Apmekl\u0113t\u0101jiem ir iesp\u0113ja iznom\u0101t laivu ar gidu un iepaz\u012bt \u0161\u012b re\u0123iona ekosist\u0113mas \u012bpa\u0161\u012bbas.<\/p>\n<p><img loading=\"lazy\" decoding=\"async\" class=\"alignnone wp-image-283808 size-large\" src=\"https:\/\/new.tripthis.eu\/wp-content\/uploads\/2025\/01\/Montanejos-karstie-avoti-ir-dabiski-mineraludens-baseini-kas-piepilditi-ar-kristaldzidru-udeni.-Udens-temperatura-visu-gadu-ir-aptuveni-25-%C2%B0C-padarot-tos-par-lielisku-apmeklejuma-vietu-jebkura-s-1-1024x1024.jpg\" alt=\"Albufera Nacion\u0101lais parks\" width=\"1024\" height=\"1024\" \/><\/p>\n<h1><a href=\"https:\/\/track.adform.net\/C\/?bn=78729123\" target=\"_blank\" rel=\"noopener\"><img loading=\"lazy\" decoding=\"async\" class=\"aligncenter wp-image-283953 size-full\" src=\"https:\/\/new.tripthis.eu\/wp-content\/uploads\/2024\/08\/airbaltic-valencia-336x280-1-LV.jpg\" alt=\"\" width=\"336\" height=\"280\" \/><\/a><\/h1>\n<h1>Guadalestas ieleja<\/h1>\n<p>Guadalestas ieleja, paz\u012bstama ar\u012b k\u0101 <em>El Valle de Guadalest<\/em>, ir gleznaina vieta, kas atrodas Alikantes provinc\u0113, Valensijas autonomaj\u0101 apgabal\u0101. \u0160\u012b burv\u012bg\u0101 ieleja, ieskauta <em>Marina Baixa<\/em> kalnos, liks jums piedz\u012bvot neaizmirstamus dabas skatus. T\u0101 ir ide\u0101ls galam\u0113r\u0137is dabas m\u012b\u013cot\u0101jiem, v\u0113stures entuziastiem un tiem, kas v\u0113las izbaud\u012bt mierpilnu atmosf\u0113ru un pamukt no cilv\u0113ku k\u0146adas. Ielejas sird\u012b atrodas Guadalesta, viens no skaist\u0101kajiem ciematiem Sp\u0101nij\u0101. \u0160is ciemats, kas atrodas klin\u0161u virsotn\u0113, ir slavens ar savu viduslaiku \u0161armu, baltaj\u0101m m\u0101ji\u0146\u0101m un \u0161auraj\u0101m bru\u0123\u0113taj\u0101m ieli\u0146\u0101m. Guadalesta ir ofici\u0101li iek\u013cauta Sp\u0101nijas skaist\u0101ko ciematu sarakst\u0101 (<em>Los Pueblos M\u00e1s Bonitos de Espa\u00f1a<\/em>).<\/p>\n<p><img loading=\"lazy\" decoding=\"async\" class=\"alignnone wp-image-283809 size-large\" src=\"https:\/\/new.tripthis.eu\/wp-content\/uploads\/2025\/01\/Montanejos-karstie-avoti-ir-dabiski-mineraludens-baseini-kas-piepilditi-ar-kristaldzidru-udeni.-Udens-temperatura-visu-gadu-ir-aptuveni-25-%C2%B0C-padarot-tos-par-lielisku-apmeklejuma-vietu-jebkura-s-2-1024x1024.jpg\" alt=\"Guadalestas ieleja\" width=\"1024\" height=\"1024\" \/><\/p>\n<p>&nbsp;<\/p>\n<p>&nbsp;<\/p>\n<h1>Tradicion\u0101lie \u0113dieni<\/h1>\n<p>Valensij\u0101, k\u0101 jau Vidusj\u016bras piekrastes pils\u0113t\u0101, viena no popul\u0101r\u0101kaj\u0101m kulin\u0101rijas sast\u0101vda\u013c\u0101m ir j\u016bras veltes. T\u0101p\u0113c gandr\u012bz katr\u0101 tradicion\u0101l\u0101 \u0113dien\u0101 sast\u0101v\u0101 man\u012bsiet zivis, un bie\u017ei vien, restor\u0101ni specializ\u0113jas tikai j\u016bras vel\u0161u malt\u012bt\u0113s, \u0113dienk\u0101rt\u0113 neiek\u013caujot neko citu! Bet bez j\u016bras velt\u0113m, Valensij\u0101 neap\u0161aub\u0101mi ir daudz citu gardumu, t\u0101p\u0113c bad\u0101 noteikti nepaliks neviens!<\/p>\n<h1>Paella<\/h1>\n<p>Paella ir vistradicion\u0101l\u0101kais Valensijas \u0113diens un viens no Sp\u0101nijas kulin\u0101rijas \u0161edevriem. Tie ir r\u012bsi ar piedev\u0101m, kas gatavoti milz\u012bg\u0101 pann\u0101 uz atkl\u0101tas uguns. Piedevas var\u0113siet baud\u012bt visda\u017e\u0101d\u0101kaj\u0101s vari\u0101cij\u0101s, bet gandr\u012bz katr\u0101 restor\u0101n\u0101 man\u012bsiet Paellu ar vistu, tru\u0161a ga\u013cu, za\u013caj\u0101m un baltaj\u0101m pupi\u0146\u0101m, tom\u0101tiem un safr\u0101nu, k\u0101 ar\u012b Paellu ar j\u016bras velt\u0113m.<\/p>\n<p><img loading=\"lazy\" decoding=\"async\" class=\"alignnone wp-image-283801 size-large\" src=\"https:\/\/new.tripthis.eu\/wp-content\/uploads\/2025\/01\/Noformejums-bez-nosaukuma-9-1024x1024.jpg\" alt=\"Paella\" width=\"1024\" height=\"1024\" \/><\/p>\n<h1>Turr\u00f3n<\/h1>\n<p>Lai gan \u0161is gardums ir popul\u0101rs vis\u0101 Sp\u0101nij\u0101, t\u0101 dzimtene tom\u0113r ir Valensijas re\u0123ions. Tas tiek gatavots no mandel\u0113m, medus un cukura, un tas ir \u012bpa\u0161i izplat\u012bts Ziemassv\u0113tku laik\u0101. Ir divi galvenie veidi: <em>turr\u00f3n de Jijona<\/em> (m\u012bksts) un <em>turr\u00f3n de Alicante<\/em> (ciets).<\/p>\n<p><img loading=\"lazy\" decoding=\"async\" class=\"alignnone wp-image-283802 size-large\" src=\"https:\/\/new.tripthis.eu\/wp-content\/uploads\/2025\/01\/Noformejums-bez-nosaukuma-10-1024x1024.jpg\" alt=\"Turr\u00f3n\" width=\"1024\" height=\"1024\" \/><\/p>\n<h1>Fideu\u00e0<\/h1>\n<p>\u0160\u012b malt\u012bte b\u016bs l\u012bdz\u012bga Paellai, bet \u0161eit r\u012bsi tiks aizst\u0101ti ar maziem makaroniem. Fideu\u00e0 gandr\u012bz vienm\u0113r tiek gatavots ar j\u016bras velt\u0113m, piem\u0113ram, garnel\u0113m, m\u012bdij\u0101m un kalm\u0101riem, un tam bie\u017ei pievieno zivju buljonu, lai ieg\u016btu dzi\u013cu gar\u0161u.<\/p>\n<p><img loading=\"lazy\" decoding=\"async\" class=\"alignnone wp-image-283803 size-large\" src=\"https:\/\/new.tripthis.eu\/wp-content\/uploads\/2025\/01\/Noformejums-bez-nosaukuma-11-1024x1024.jpg\" alt=\"Fideu\u00e0\" width=\"1024\" height=\"1024\" \/><\/p>\n<h1>Horchata un fartoni<\/h1>\n<p>Horchata ir atsvaidzino\u0161s dz\u0113riens, kas gatavots no t\u012b\u0123erriekstiem (<em>chufas<\/em>), cukura un \u016bdens. Tas ir ide\u0101ls padz\u0113riens karst\u0101 laik\u0101 un bie\u017ei tiek pasniegts kop\u0101 ar garen\u0101m, sald\u0101m bulci\u0146\u0101m, kuras sauc par <em>fartoniem<\/em>. \u0160\u012b kombin\u0101cija ir \u013coti popul\u0101ra Valensij\u0101, \u012bpa\u0161i vasaras m\u0113ne\u0161os.<\/p>\n<p><img loading=\"lazy\" decoding=\"async\" class=\"alignnone wp-image-283804 size-large\" src=\"https:\/\/new.tripthis.eu\/wp-content\/uploads\/2025\/01\/Noformejums-bez-nosaukuma-12-1024x1024.jpg\" alt=\"Horchata un fartoni\" width=\"1024\" height=\"1024\" \/><\/p>\n<h1>All i Pebre<\/h1>\n<p>\u0160is tradicion\u0101lais zivju saut\u0113jums ir \u012bpa\u0161i popul\u0101rs Albuferas apkaim\u0113. To parasti gatavo ar zu\u0161iem, kartupe\u013ciem, \u0137iplokiem un \u010dili pipariem, bet to m\u0113dz gatavot ar\u012b sav\u0101d\u0101k. T\u0101 ir autentiska recepte, un t\u0101du, k\u0101du to iesp\u0113jams nogar\u0161ot Valensij\u0101, neatrad\u012bsiet nekur citur!<\/p>\n<p><img loading=\"lazy\" decoding=\"async\" class=\"alignnone wp-image-283805 size-large\" src=\"https:\/\/new.tripthis.eu\/wp-content\/uploads\/2025\/01\/Noformejums-bez-nosaukuma-13-1024x1024.jpg\" alt=\"All i Pebre\" width=\"1024\" height=\"1024\" \/><\/p>\n<p>&nbsp;<\/p>\n<p>&nbsp;<\/p>\n<h1>Noder\u012bgi padomi:<\/h1>\n<ul>\n<li>Valensija ir liel\u0101ka nek\u0101 s\u0101kum\u0101 var \u0161\u0137ist. Pirms do\u0161an\u0101s uz Valensiju, r\u016bp\u012bgi izp\u0113ti, kur\u0101 pils\u0113tas pus\u0113 v\u0113lies nak\u0161\u0146ot, k\u0101 ar\u012b izpl\u0101no, k\u0101dus transportus v\u0113lies izmantot.<\/li>\n<li>Valensij\u0101 nav kalnu un rite\u0146a iznom\u0101\u0161ana b\u016bs l\u0113t\u0101kais un \u0113rt\u0101kais p\u0101rvieto\u0161an\u0101s veids pils\u0113t\u0101. Valensija ir rite\u0146brauc\u0113jiem draudz\u012bga pils\u0113ta, un kopum\u0101 taj\u0101 atrodas 150 kilometri ar ce\u013cu, kas paredz\u0113ts rite\u0146brauk\u0161anai.<\/li>\n<li>Iesak\u0101m pl\u0101not \u0113dienreizes. Liel\u0101k\u0101 da\u013ca kafejn\u012bcu un restor\u0101nu tiks aizv\u0113rti ap plkst. 17.00, vai pat \u0101tr\u0101k, un tiks atkal atv\u0113rti v\u0113l\u0101k vakar\u0101. Lai neciestu no izsalkuma, noteikti iepl\u0101no malt\u012bti laic\u012bgi!<\/li>\n<li>Lai vai Valensij\u0101 pat\u012bkami silta temperat\u016bra ir ar\u012b ziem\u0101, tom\u0113r apr\u012blis un maijs ir vislab\u0101kie m\u0113ne\u0161i, kad apmekl\u0113t pils\u0113tu, jo temperat\u016bra neb\u016bs p\u0101rlieku karsta vai v\u0113sa, k\u0101 ar\u012b neb\u016bs j\u0101satraucas par to, ka da\u017ei apskates objekti var\u0113tu b\u016bt sl\u0113gti, k\u0101 tas m\u0113dz b\u016bt ziemas m\u0113ne\u0161os.<\/li>\n<li>Viena no svar\u012bg\u0101m pl\u0101no\u0161anas da\u013c\u0101m ir bud\u017eets. Valensij\u0101 vid\u0113j\u0101s nak\u0161\u0146o\u0161anas cenas m\u0113dz b\u016bt \u013coti da\u017e\u0101das atkar\u012bb\u0101 no t\u0101, k\u0101da tipa viesn\u012bc\u0101 v\u0113laties na\u0137\u0161\u0146ot. Koplieto\u0161anas gu\u013camtelpu cenas b\u016bs s\u0101kot no 25 eur, vid\u0113j\u0101 l\u012bme\u0146a viesn\u012bcas izmaks\u0101s s\u0101kot no 90 eur, bet ja v\u0113laties na\u0137\u0161\u0146ot \u010detru vai piecu zvaig\u017e\u0146u viesn\u012bc\u0101s, j\u0101r\u0113\u0137in\u0101s ar aptuveni 200 eur par nakti. Vid\u0113j\u0101 malt\u012btes cena vienai personai maks\u0101s s\u0101kot no 25 eur, un metro, kas sadal\u012bts zon\u0101s, vienam braucienam izmaks\u0101s aptuveni 1,50 eur.<\/li>\n<\/ul>","protected":false},"excerpt":{"rendered":"<p>Rekl\u0101mraksts. &nbsp; Valensija ir Vidusj\u016bras piekrastes pils\u0113ta, un t\u0101 ir tre\u0161\u0101 liel\u0101k\u0101 pils\u0113ta Sp\u0101nij\u0101. Smil\u0161ainas pludmales, grezni v\u0113sturiskie pieminek\u013ci, p\u0101rsteidzo\u0161a arhitekt\u016bra un vareni gards \u0113diens &#8211; tas un v\u0113l daudz kas cits sagaida pils\u0113tas apmekl\u0113t\u0101jus. Valensij\u0101 saule sp\u012bd gandr\u012bz katru dienu, visu cauru gadu un pils\u0113t\u0101 notiek ros\u012bba dienu no dienas. Mazas, est\u0113tiskas kafejn\u012bcas, kur [&hellip;]<\/p>\n","protected":false},"author":20,"featured_media":283847,"comment_status":"closed","ping_status":"closed","sticky":false,"template":"","format":"standard","meta":{"post_subheading":"","post_intro_title":"","post_intro_text":"","post_1_gallery":[],"post_main_content":"","post_banner_title":"","post_banner_text":"","post_source":"","post_faq":[],"post_toc":[],"post_conversion_block":"","post_ai_summary":"","footnotes":""},"categories":[382],"tags":[],"country":[],"class_list":["post-283784","post","type-post","status-publish","format-standard","has-post-thumbnail","hentry","category-blogs"],"_links":{"self":[{"href":"https:\/\/new.tripthis.eu\/en\/wp-json\/wp\/v2\/posts\/283784","targetHints":{"allow":["GET"]}}],"collection":[{"href":"https:\/\/new.tripthis.eu\/en\/wp-json\/wp\/v2\/posts"}],"about":[{"href":"https:\/\/new.tripthis.eu\/en\/wp-json\/wp\/v2\/types\/post"}],"author":[{"embeddable":true,"href":"https:\/\/new.tripthis.eu\/en\/wp-json\/wp\/v2\/users\/20"}],"replies":[{"embeddable":true,"href":"https:\/\/new.tripthis.eu\/en\/wp-json\/wp\/v2\/comments?post=283784"}],"version-history":[{"count":0,"href":"https:\/\/new.tripthis.eu\/en\/wp-json\/wp\/v2\/posts\/283784\/revisions"}],"wp:featuredmedia":[{"embeddable":true,"href":"https:\/\/new.tripthis.eu\/en\/wp-json\/"}],"wp:attachment":[{"href":"https:\/\/new.tripthis.eu\/en\/wp-json\/wp\/v2\/media?parent=283784"}],"wp:term":[{"taxonomy":"category","embeddable":true,"href":"https:\/\/new.tripthis.eu\/en\/wp-json\/wp\/v2\/categories?post=283784"},{"taxonomy":"post_tag","embeddable":true,"href":"https:\/\/new.tripthis.eu\/en\/wp-json\/wp\/v2\/tags?post=283784"},{"taxonomy":"country","embeddable":true,"href":"https:\/\/new.tripthis.eu\/en\/wp-json\/wp\/v2\/country?post=283784"}],"curies":[{"name":"wp","href":"https:\/\/api.w.org\/{rel}","templated":true}]}}