{"id":283715,"date":"2025-01-16T11:28:44","date_gmt":"2025-01-16T11:28:44","guid":{"rendered":"https:\/\/tripthis.eu\/?p=283715"},"modified":"2025-01-16T11:28:44","modified_gmt":"2025-01-16T11:28:44","slug":"florencu-viksnu-gimene-raidijuma-uz-sapni-ar-mazo-uzdrikstas-istenot-savus-vislielakos-sapnus","status":"publish","type":"post","link":"https:\/\/new.tripthis.eu\/en\/florencu-viksnu-gimene-raidijuma-uz-sapni-ar-mazo-uzdrikstas-istenot-savus-vislielakos-sapnus\/","title":{"rendered":"The Florenz-Viksna family dares to make their biggest dreams come true in \u201cTo Dream with Little\u201d"},"content":{"rendered":"<p>Source.<\/p>\n<p>No 4.febru\u0101ra otrdienu vakaros pulksten 21.45 pie TV3 skat\u012bt\u0101jiem non\u0101ks Florencu-V\u012bksnu \u0123imenes iedvesmojo\u0161ais ce\u013cojumu raid\u012bjums &#8220;Uz sapni ar mazo&#8221;. Aktieru p\u0101ris Ieva Florence-V\u012bksne un Oskars Florencs-V\u012bksne kop\u0101 ar savu tr\u012bsgad\u012bgo d\u0113lu Leonardu dosies drosm\u012bg\u0101 un iespaidiem bag\u0101t\u0101 piedz\u012bvojum\u0101, lai piepild\u012btu savus l\u012bdz \u0161im liel\u0101kos sap\u0146us da\u017eos no pasaules eksotisk\u0101kajiem nost\u016briem.<\/p>\n<p>\u0160aj\u0101 sezon\u0101 Florencu-V\u012bksnu \u0123imene \u012bstenos savus tr\u012bs visliel\u0101kos sap\u0146us. Pirmais sapnis ir palikt vieniem pa\u0161iem pa nakti Sah\u0101ras tuksnes\u012b, kas n\u0101cis no Oskara v\u0113l\u0113\u0161an\u0101s piedz\u012bvot eksotisku nekurieni. Otrs sapnis ir piedz\u012bvot \u012bstus d\u017eung\u013cus lietus me\u017e\u0101 &#8211; tas ir sapnis, kas katru vasaru pav\u012bd Florencu-V\u012bksnu \u0123imenes m\u0113r\u0137u sarakst\u0101. Daba ir vi\u0146u otrais es, un vi\u0146i alla\u017e ir v\u0113l\u0113ju\u0161ies nok\u013c\u016bt pies\u0101tin\u0101tos d\u017eung\u013cos, lai tos izp\u0113t\u012btu un izdz\u012bvotu. Vi\u0146u tre\u0161ais lielais sapnis ir peld\u0113t kop\u0101 ar va\u013ciem Klusaj\u0101 oke\u0101n\u0101 &#8211; \u016bdens ir Ievas vilin\u0101jums, jo \u012bpa\u0161i oke\u0101ns, t\u0101d\u0113\u013c vi\u0146as aicin\u0101jums ir spert soli t\u0101l\u0101k un iepaz\u012bties ar oke\u0101na lielumu, sp\u0113ku un pasaules liel\u0101kajiem \u016bdens z\u012bd\u012bt\u0101jiem.<\/p>\n<p>&#8220;Lab\u0101kais laiks, lai piepild\u012btu savus sap\u0146us, bija pirms 10 gadiem vai ir \u0161odien,&#8221; uzsver Florencu-V\u012bksnu \u0123imene. &#8220;Jaunaj\u0101 sezon\u0101 m\u0113s dodamies pretim saviem visliel\u0101kajiem sap\u0146iem, t\u0101diem, kurus bie\u017ei neuzdr\u012bkstamies atkl\u0101t pat saviem tuv\u0101kajiem, jo tie vienk\u0101r\u0161i izklaus\u0101s nepr\u0101t\u012bgi traki un lieli! Ar\u012b m\u0113s ejam cauri bail\u0113m &#8211; k\u0101 p\u0101rvar\u0113t savu iek\u0161\u0113jo bij\u012bbu, bailes no visa nezin\u0101m\u0101, no sap\u0146iem, kas \u0161\u0137ietami nav iesp\u0113jami? Tie noteikti ir kas v\u0113l nepieredz\u0113ts un \u0101rk\u0101rt\u012bgi izaicino\u0161s, bet vienlaikus ar\u012b nepr\u0101t\u012bgi iedvesmojo\u0161s un skaists,&#8221; atkl\u0101j Ieva un Oskars.<\/p>\n<p>Raid\u012bjums st\u0101sta par to, k\u0101 tiekties izdz\u012bvot savus sap\u0146us kop\u0101 k\u0101 \u0123imenei, pat tad, kad sap\u0146i \u0161\u0137iet nere\u0101li, jo \u012bpa\u0161i, kad divu pieaug\u0161u cilv\u0113ku attiec\u012bb\u0101s ir ien\u0101cis b\u0113rns, kur\u0161 uzliek lielu atbild\u012bbu un maina visu. Bie\u017ei n\u0101kas dzird\u0113t, kad ien\u0101kot b\u0113rni\u0146am \u0123imen\u0113, savi sap\u0146i un amb\u012bcijas j\u0101noliek mal\u0101. Tom\u0113r Ieva un Oskars tic, ka savus sap\u0146us var piepild\u012bt ar\u012b kop\u0101 ar b\u0113rnu, un met sev izaicin\u0101jumus, ce\u013cojot un iesaistot sap\u0146u \u012bsteno\u0161an\u0101 savu d\u0113lu Leonardu.<\/p>\n<p>&#8220;M\u0113s ticam, ka pasaules pieredz\u0113\u0161ana paver daudz pla\u0161\u0101ku skatu uz iesp\u0113j\u0101m dz\u012bv\u0113 un to, k\u0101 dz\u012bvi dz\u012bvot. Jo pla\u0161\u0101k redzi pasauli, jo pla\u0161\u0101ka tava sirds! M\u016bsupr\u0101t, svar\u012bgi ir dot iesp\u0113ju katram iel\u016bkoties ce\u013co\u0161an\u0101 ar b\u0113rnu, jo past\u0101v priek\u0161tats, ka ar atvas\u0113m ce\u013cot ir s\u016bri gr\u016bts darbs, nebaud\u0101ma atp\u016bta, p\u0113c kuras vajadz\u012bga v\u0113l viena atp\u016bta. M\u0113s ticam, ka ce\u013cojums kop\u0101 ar b\u0113rnu nav j\u0101pak\u0101rto tikai b\u0113rnam, vi\u0146u var iesaist\u012bt visos galvu reibino\u0161os piedz\u012bvojumos, ko \u0161aj\u0101 raid\u012bjum\u0101 m\u0113s ar\u012b dar\u0101m,&#8221; uzsver Ieva un Oskars.<\/p>\n<p>Skaties ce\u013cojumu raid\u012bjumu &#8220;Uz sapni ar mazo&#8221; un piedz\u012bvo galvu reibino\u0161us notikumus kop\u0101 ar Florencu-V\u012bksnu \u0123imeni jau no 4.febru\u0101ra otrdienu vakaros pulksten 21.45 kan\u0101l\u0101 TV3.<\/p>\n<p>Papildu inform\u0101cija:<\/p>\n<p>Lauma Zommere<\/p>\n<p>Sabiedrisko attiec\u012bbu speci\u0101liste<\/p>\n<p>T\u0101lr.: 29 959 328<\/p>\n<p>E-pasts: lauma.zommere@tv3.lv<\/p>","protected":false},"excerpt":{"rendered":"<p>Avots: Leta No 4.febru\u0101ra otrdienu vakaros pulksten 21.45 pie TV3 skat\u012bt\u0101jiem non\u0101ks Florencu-V\u012bksnu \u0123imenes iedvesmojo\u0161ais ce\u013cojumu raid\u012bjums &#8220;Uz sapni ar mazo&#8221;. Aktieru p\u0101ris Ieva Florence-V\u012bksne un Oskars Florencs-V\u012bksne kop\u0101 ar savu tr\u012bsgad\u012bgo d\u0113lu Leonardu dosies drosm\u012bg\u0101 un iespaidiem bag\u0101t\u0101 piedz\u012bvojum\u0101, lai piepild\u012btu savus l\u012bdz \u0161im liel\u0101kos sap\u0146us da\u017eos no pasaules eksotisk\u0101kajiem nost\u016briem. \u0160aj\u0101 sezon\u0101 Florencu-V\u012bksnu [&hellip;]<\/p>\n","protected":false},"author":20,"featured_media":283716,"comment_status":"closed","ping_status":"closed","sticky":false,"template":"","format":"standard","meta":{"post_subheading":"","post_intro_title":"","post_intro_text":"","post_1_gallery":[],"post_main_content":"","post_banner_title":"","post_banner_text":"","post_source":"","post_faq":[],"post_toc":[],"post_conversion_block":"","post_ai_summary":"","footnotes":""},"categories":[398],"tags":[895,889,694],"country":[],"class_list":["post-283715","post","type-post","status-publish","format-standard","has-post-thumbnail","hentry","category-jaunumi","tag-jaunumi","tag-leta","tag-turisms"],"_links":{"self":[{"href":"https:\/\/new.tripthis.eu\/en\/wp-json\/wp\/v2\/posts\/283715","targetHints":{"allow":["GET"]}}],"collection":[{"href":"https:\/\/new.tripthis.eu\/en\/wp-json\/wp\/v2\/posts"}],"about":[{"href":"https:\/\/new.tripthis.eu\/en\/wp-json\/wp\/v2\/types\/post"}],"author":[{"embeddable":true,"href":"https:\/\/new.tripthis.eu\/en\/wp-json\/wp\/v2\/users\/20"}],"replies":[{"embeddable":true,"href":"https:\/\/new.tripthis.eu\/en\/wp-json\/wp\/v2\/comments?post=283715"}],"version-history":[{"count":0,"href":"https:\/\/new.tripthis.eu\/en\/wp-json\/wp\/v2\/posts\/283715\/revisions"}],"wp:featuredmedia":[{"embeddable":true,"href":"https:\/\/new.tripthis.eu\/en\/wp-json\/"}],"wp:attachment":[{"href":"https:\/\/new.tripthis.eu\/en\/wp-json\/wp\/v2\/media?parent=283715"}],"wp:term":[{"taxonomy":"category","embeddable":true,"href":"https:\/\/new.tripthis.eu\/en\/wp-json\/wp\/v2\/categories?post=283715"},{"taxonomy":"post_tag","embeddable":true,"href":"https:\/\/new.tripthis.eu\/en\/wp-json\/wp\/v2\/tags?post=283715"},{"taxonomy":"country","embeddable":true,"href":"https:\/\/new.tripthis.eu\/en\/wp-json\/wp\/v2\/country?post=283715"}],"curies":[{"name":"wp","href":"https:\/\/api.w.org\/{rel}","templated":true}]}}