{"id":273788,"date":"2025-01-03T18:40:38","date_gmt":"2025-01-03T18:40:38","guid":{"rendered":"https:\/\/tripthis.eu\/?p=273788"},"modified":"2025-01-03T18:40:38","modified_gmt":"2025-01-03T18:40:38","slug":"aviokompanija-fly-khiva-plano-palielinat-lidojumu-biezumu-uz-rigas-lidostu","status":"publish","type":"post","link":"https:\/\/new.tripthis.eu\/en\/aviokompanija-fly-khiva-plano-palielinat-lidojumu-biezumu-uz-rigas-lidostu\/","title":{"rendered":"Aviokomp\u0101nija \u201cFly Khiva\u201d pl\u0101no palielin\u0101t lidojumu bie\u017eumu uz R\u012bgas lidostu"},"content":{"rendered":"<p class=\"text-align-justify\">Uzbekist\u0101nas aviokomp\u0101nija \u201cFly Khiva\u201d, kas kop\u0161 \u0161\u0101 gada vasaras veikusi vair\u0101kus kravu lidojumus no Uzbekist\u0101nas uz R\u012bgu, n\u0101kotn\u0113, pieaugot piepras\u012bjumam, var\u0113tu nodro\u0161in\u0101t ar\u012b regul\u0101ros kravas lidojumus.<\/p>\n<p class=\"text-align-justify\">Avi\u0101cijas kravu mar\u0161ruts Ta\u0161kenta\u2013R\u012bga\u2013Ta\u0161kenta paver jaunas iesp\u0113jas kravu savienojumu att\u012bst\u012bbai un pre\u010du \u0101tr\u0101kai nog\u0101dei no Vidus\u0101zijas valst\u012bm pie sa\u0146\u0113m\u0113jiem Eirop\u0101. Kop\u0161 vasaras s\u0101kuma \u201cFly Khiva\u201d veikusi piecus avioreisus uz R\u012bgu, un \u0161ie s\u016bt\u012bjumi galvenok\u0101rt biju\u0161i adres\u0113ti sa\u0146\u0113m\u0113jiem Francij\u0101, Be\u013c\u0123ij\u0101, Polij\u0101, V\u0101cij\u0101 un Skandin\u0101vijas valst\u012bs.<\/p>\n<p class=\"text-align-justify\">\u201cEsam gandar\u012bti, ka Uzbekist\u0101nas p\u0101rvad\u0101t\u0101js ir izv\u0113l\u0113jies R\u012bgas lidostu k\u0101 strat\u0113\u0123isku partneri savai izaugsmei ar m\u0113r\u0137i savienot Centr\u0101l\u0101zijas valstis ar Eiropas tirgiem. M\u0113s ceram, ka jau dr\u012bzum\u0101 \u201cFly Khiva\u201d uz R\u012bgu nodro\u0161in\u0101s regul\u0101rus lidojumus, sniedzot kravu \u012bpa\u0161niekiem pla\u0161\u0101ku pieeju gan Eiropas, gan \u0100zijas tirgiem. Invest\u012bcijas R\u012bgas lidostas avi\u0101cijas kravu apkalpo\u0161anas infrastrukt\u016br\u0101 turpin\u0101sies, \u013caujot mums piesaist\u012bt arvien jaunus pakalpojumu sniedz\u0113jus,\u201d uzsver R\u012bgas lidostas valdes priek\u0161s\u0113d\u0113t\u0101ja Laila Odi\u0146a.<\/p>\n<p class=\"text-align-justify\">Cie\u0161as partnerattiec\u012bbas ar viet\u0113jiem uz\u0146\u0113mumiem un lo\u0123istikas pakalpojumu sniedz\u0113jiem, inovat\u012bvi lo\u0123istikas risin\u0101jumi, kas \u013cauj uzlabot s\u016bt\u012bjumu izseko\u0161anu, p\u0101rvald\u012bbu un pakalpojumu kvalit\u0101ti, \u013caus stiprin\u0101t viet\u0113jo ekonomiku un vienlaikus veicin\u0101t ilgtsp\u0113j\u012bgu lo\u0123istikas praksi, optimiz\u0113jot transporta mar\u0161rutus un samazinot oglek\u013ca dioks\u012bda emisijas.<\/p>\n<p class=\"text-align-justify\">Regul\u0101ro kravu mar\u0161rutu starp Uzbekist\u0101nu un R\u012bgas lidostu var pla\u0161i izmantot ar\u012b multimod\u0101liem p\u0101rvad\u0101jumiem no \u0136\u012bnas uz Eiropu. \u201cM\u016bsu m\u0113r\u0137is ir uzlabot pieg\u0101des \u0137\u0113des risin\u0101jumus, kas ir piel\u0101goti m\u016bsu klientu unik\u0101laj\u0101m vajadz\u012bb\u0101m. Piek\u013cuve caur R\u012bgas lidostu starptautiskajiem tirgiem sniedz \u00a0att\u012bst\u012bbas iesp\u0113jas da\u017e\u0101du jomu uz\u0146\u0113m\u0113jdarb\u012bbai, kur svar\u012bga \u0113rta un raita kravu pieg\u0101de,\u201d skaidro \u201cFly Khiva\u201d Kravu noda\u013cas viceprezidents Farkhads Mukhutdinovs (Farkhad Mukhutdinov).<\/p>","protected":false},"excerpt":{"rendered":"<p>Uzbekist\u0101nas aviokomp\u0101nija \u201cFly Khiva\u201d, kas kop\u0161 \u0161\u0101 gada vasaras veikusi vair\u0101kus kravu lidojumus no Uzbekist\u0101nas uz R\u012bgu, n\u0101kotn\u0113, pieaugot piepras\u012bjumam, var\u0113tu nodro\u0161in\u0101t ar\u012b regul\u0101ros kravas lidojumus. Avi\u0101cijas kravu mar\u0161ruts Ta\u0161kenta\u2013R\u012bga\u2013Ta\u0161kenta paver jaunas iesp\u0113jas kravu savienojumu att\u012bst\u012bbai un pre\u010du \u0101tr\u0101kai nog\u0101dei no Vidus\u0101zijas valst\u012bm pie sa\u0146\u0113m\u0113jiem Eirop\u0101. Kop\u0161 vasaras s\u0101kuma \u201cFly Khiva\u201d veikusi piecus avioreisus uz [&hellip;]<\/p>\n","protected":false},"author":20,"featured_media":273789,"comment_status":"closed","ping_status":"closed","sticky":false,"template":"","format":"standard","meta":{"post_subheading":"","post_intro_title":"","post_intro_text":"","post_1_gallery":[],"post_main_content":"","post_banner_title":"","post_banner_text":"","post_source":"","post_faq":[],"post_toc":[],"post_conversion_block":"","post_ai_summary":"","footnotes":""},"categories":[398],"tags":[895,889,694],"country":[],"class_list":["post-273788","post","type-post","status-publish","format-standard","has-post-thumbnail","hentry","category-jaunumi","tag-jaunumi","tag-leta","tag-turisms"],"_links":{"self":[{"href":"https:\/\/new.tripthis.eu\/en\/wp-json\/wp\/v2\/posts\/273788","targetHints":{"allow":["GET"]}}],"collection":[{"href":"https:\/\/new.tripthis.eu\/en\/wp-json\/wp\/v2\/posts"}],"about":[{"href":"https:\/\/new.tripthis.eu\/en\/wp-json\/wp\/v2\/types\/post"}],"author":[{"embeddable":true,"href":"https:\/\/new.tripthis.eu\/en\/wp-json\/wp\/v2\/users\/20"}],"replies":[{"embeddable":true,"href":"https:\/\/new.tripthis.eu\/en\/wp-json\/wp\/v2\/comments?post=273788"}],"version-history":[{"count":0,"href":"https:\/\/new.tripthis.eu\/en\/wp-json\/wp\/v2\/posts\/273788\/revisions"}],"wp:featuredmedia":[{"embeddable":true,"href":"https:\/\/new.tripthis.eu\/en\/wp-json\/"}],"wp:attachment":[{"href":"https:\/\/new.tripthis.eu\/en\/wp-json\/wp\/v2\/media?parent=273788"}],"wp:term":[{"taxonomy":"category","embeddable":true,"href":"https:\/\/new.tripthis.eu\/en\/wp-json\/wp\/v2\/categories?post=273788"},{"taxonomy":"post_tag","embeddable":true,"href":"https:\/\/new.tripthis.eu\/en\/wp-json\/wp\/v2\/tags?post=273788"},{"taxonomy":"country","embeddable":true,"href":"https:\/\/new.tripthis.eu\/en\/wp-json\/wp\/v2\/country?post=273788"}],"curies":[{"name":"wp","href":"https:\/\/api.w.org\/{rel}","templated":true}]}}