{"id":146651,"date":"2024-12-04T13:42:37","date_gmt":"2024-12-04T13:42:37","guid":{"rendered":"https:\/\/tripthis.eu\/?p=146651"},"modified":"2024-12-04T13:42:37","modified_gmt":"2024-12-04T13:42:37","slug":"lidojumi-no-rigas-uz-maljorku-sakot-no-e76-turp-atpakal-4-viesnica-maljorka-par-e68-diennakti","status":"publish","type":"post","link":"https:\/\/new.tripthis.eu\/en\/lidojumi-no-rigas-uz-maljorku-sakot-no-e76-turp-atpakal-4-viesnica-maljorka-par-e68-diennakti\/","title":{"rendered":"Lidojumi no R\u012bgas uz Maljorku s\u0101kot no \u20ac76 (turp-atpaka\u013c) + 4* viesn\u012bca Maljork\u0101 par \u20ac68 diennakt\u012b!"},"content":{"rendered":"<p>Lieliska cena lidojumam no R\u012bgas uz Maljorku! Dodies uz m\u016b\u017e\u012bg\u0101s vasaras salu &#8211; Maljorku no <span style=\"font-size: 14px; text-align: justify;\"> <strong>\u20ac76\u00a0<\/strong><\/span><strong>(turp-atpaka\u013c). <\/strong>Sal\u0101 neaizmirsti apskat\u012bt Serra de Traumuntana kalnu mas\u012bvu, Maljorkas simbolu &#8211; La Seu jeb Santa Maria katedr\u0101li, Parc Natural De Mondrago nacion\u0101lo parku, k\u0101 ar\u012b gotisko m\u0101kslas darbu &#8211; Bellver pili.<\/p>\n<p>Vair\u0101k par apskates viet\u0101m Maljork\u0101 lasi m\u016bsu bloga rakst\u0101 <a href=\"https:\/\/new.tripthis.eu\/blogi\/piecas-apskates-vietas-maljorka\/\" target=\"_blank\" rel=\"noopener\">\u0161eit<\/a> &#8211; <a href=\"https:\/\/new.tripthis.eu\/blogi\/piecas-apskates-vietas-maljorka\/\" target=\"_blank\" rel=\"noopener\">https:\/\/new.tripthis.eu\/blogi\/piecas-apskates-vietas-maljorka\/<\/a><\/p>\n<h3><strong>LIDOJUMU DATUMI:<\/strong><\/h3>\n<p><strong>Lidojums turp: R\u012bga &#8211; Par\u012bze &#8211; Maljorka<\/strong><strong><br \/>\nLidojums atpaka\u013c : Maljorka &#8211; Ven\u0113cija &#8211; R\u012bga<\/strong><\/p>\n<ul style=\"list-style-type: circle;\">\n<li>20.01.25 &#8211; 27.01.25 \u20ac76 (8 dienas)<\/li>\n<li>20.01.25 &#8211; 25.01.25 \u20ac77 (6 dienas)<\/li>\n<li>27.01.25 &#8211; 10.02.25 \u20ac78 (15 dienas)<\/li>\n<li>27.01.25 -08.02.25 \u20ac84 (13 dienas)<\/li>\n<li>07.01.25 &#8211; 10.01.25 \u20ac84 (4 dienas)<\/li>\n<li><span style=\"font-size: 14px;\">*Bi\u013ce\u0161u cenas var main\u012bties<\/span><\/li>\n<\/ul>\n<p><strong>Piem\u0113rs bi\u013ce\u0161u cen\u0101m:<\/strong><\/p>\n<p><img fetchpriority=\"high\" decoding=\"async\" class=\"alignnone size-full wp-image-146652\" src=\"https:\/\/new.tripthis.eu\/wp-content\/uploads\/2024\/12\/4E23BE94-69DB-4BC1-B364-405A32FD22C7.jpeg\" alt=\"L\u0113tas aviobi\u013cetes uz Maljorku Sp\u0101nij\u0101\" width=\"1704\" height=\"516\" \/><\/p>\n<h2 style=\"text-align: center;\">Aviobi\u013cetes mekl\u0113 Ryanair m\u0101jaslap\u0101<\/h2>\n<p><a href=\"https:\/\/www.booking.com\/hotel\/es\/hesperiaciutatdemallorca.en.html?aid=7902493&amp;checkin_monthday=20&amp;checkin_month=1&amp;checkin_year=2025&amp;checkout_monthday=27&amp;checkout_month=1&amp;checkout_year=2025&amp;no_rooms=1&amp;group_adults=2\" target=\"_blank\" rel=\"noopener\"><img decoding=\"async\" class=\"alignnone wp-image-146653 size-full\" src=\"https:\/\/new.tripthis.eu\/wp-content\/uploads\/2024\/12\/0F30E13E-0731-4BF5-8203-4AB6217AF4DD.jpeg\" alt=\"L\u0113tas aviobi\u013cetes uz Maljorku Sp\u0101nij\u0101\" width=\"1660\" height=\"546\" \/><\/a><\/p>\n<p>&nbsp;<\/p>\n<h2 style=\"text-align: center;\"><a href=\"https:\/\/www.booking.com\/hotel\/es\/hesperiaciutatdemallorca.en.html?aid=7902493&amp;checkin_monthday=20&amp;checkin_month=1&amp;checkin_year=2025&amp;checkout_monthday=27&amp;checkout_month=1&amp;checkout_year=2025&amp;no_rooms=1&amp;group_adults=2\" target=\"_blank\" rel=\"noopener\">4* viesn\u012bca Maljork\u0101 par \u20ac68 diennakt\u012b! Pied\u0101v\u0101jumu mekl\u0113 \u0161eit!<\/a><\/h2>\n<p>[INSERT_ELEMENTOR id=&#8221;23936&#8243;]<\/p>\n","protected":false},"excerpt":{"rendered":"<p>Lieliska cena lidojumam no R\u012bgas uz Maljorku! Dodies uz m\u016b\u017e\u012bg\u0101s vasaras salu &#8211; Maljorku no \u20ac76\u00a0(turp-atpaka\u013c). Sal\u0101 neaizmirsti apskat\u012bt Serra de Traumuntana kalnu mas\u012bvu, Maljorkas simbolu &#8211; La Seu jeb Santa Maria katedr\u0101li, Parc Natural De Mondrago nacion\u0101lo parku, k\u0101 ar\u012b gotisko m\u0101kslas darbu &#8211; Bellver pili. Vair\u0101k par apskates viet\u0101m Maljork\u0101 lasi m\u016bsu bloga [&hellip;]<\/p>\n","protected":false},"author":20,"featured_media":80772,"comment_status":"closed","ping_status":"closed","sticky":false,"template":"","format":"standard","meta":{"post_subheading":"","post_intro_title":"","post_intro_text":"","post_1_gallery":[],"post_main_content":"","post_banner_title":"","post_banner_text":"","post_source":"","post_faq":[],"post_toc":[],"post_conversion_block":"","post_ai_summary":"","footnotes":""},"categories":[383],"tags":[800,580,555,385,390],"country":[],"class_list":["post-146651","post","type-post","status-publish","format-standard","has-post-thumbnail","hentry","category-letas-aviobiletes","tag-800","tag-janvaris","tag-maljorka","tag-ryanair","tag-aviobiletes-uz-spaniju"],"_links":{"self":[{"href":"https:\/\/new.tripthis.eu\/en\/wp-json\/wp\/v2\/posts\/146651","targetHints":{"allow":["GET"]}}],"collection":[{"href":"https:\/\/new.tripthis.eu\/en\/wp-json\/wp\/v2\/posts"}],"about":[{"href":"https:\/\/new.tripthis.eu\/en\/wp-json\/wp\/v2\/types\/post"}],"author":[{"embeddable":true,"href":"https:\/\/new.tripthis.eu\/en\/wp-json\/wp\/v2\/users\/20"}],"replies":[{"embeddable":true,"href":"https:\/\/new.tripthis.eu\/en\/wp-json\/wp\/v2\/comments?post=146651"}],"version-history":[{"count":0,"href":"https:\/\/new.tripthis.eu\/en\/wp-json\/wp\/v2\/posts\/146651\/revisions"}],"wp:featuredmedia":[{"embeddable":true,"href":"https:\/\/new.tripthis.eu\/en\/wp-json\/"}],"wp:attachment":[{"href":"https:\/\/new.tripthis.eu\/en\/wp-json\/wp\/v2\/media?parent=146651"}],"wp:term":[{"taxonomy":"category","embeddable":true,"href":"https:\/\/new.tripthis.eu\/en\/wp-json\/wp\/v2\/categories?post=146651"},{"taxonomy":"post_tag","embeddable":true,"href":"https:\/\/new.tripthis.eu\/en\/wp-json\/wp\/v2\/tags?post=146651"},{"taxonomy":"country","embeddable":true,"href":"https:\/\/new.tripthis.eu\/en\/wp-json\/wp\/v2\/country?post=146651"}],"curies":[{"name":"wp","href":"https:\/\/api.w.org\/{rel}","templated":true}]}}