{"id":137958,"date":"2024-11-26T19:31:03","date_gmt":"2024-11-26T19:31:03","guid":{"rendered":"https:\/\/tripthis.eu\/?p=137958"},"modified":"2024-11-26T19:31:03","modified_gmt":"2024-11-26T19:31:03","slug":"sleposanas-trases-cer-atklat-sezonu-lidz-ar-pastavigi-auksta-laika-iestasanos","status":"publish","type":"post","link":"https:\/\/new.tripthis.eu\/en\/sleposanas-trases-cer-atklat-sezonu-lidz-ar-pastavigi-auksta-laika-iestasanos\/","title":{"rendered":"Sl\u0113po\u0161anas trases cer atkl\u0101t sezonu l\u012bdz ar past\u0101v\u012bgi auksta laika iest\u0101\u0161anos"},"content":{"rendered":"<p>Source.<\/p>\n<p>Latvij\u0101 sl\u0113po\u0161anas trases cer atkl\u0101t sezonu l\u012bdz ar past\u0101v\u012bgi auksta laika iest\u0101\u0161anos, a\u0123ent\u016brai LETA pauda aptauj\u0101t\u0101s sl\u0113po\u0161anas tras\u0113s.<\/p>\n<p>Liel\u0101k\u0101 da\u013ca aptauj\u0101to sl\u0113po\u0161anas tra\u0161u nor\u0101d\u012bja, ka sniega ra\u017eo\u0161anai nepiecie\u0161ama past\u0101v\u012bga vismaz -3 gr\u0101du temperat\u016bra.<\/p>\n<p>Savuk\u0101rt &#8220;Ozolkalns&#8221; p\u0101rst\u0101vji a\u0123ent\u016brai LETA sac\u012bja, ka pirmo sl\u0113po\u0161anas tra\u0161u un pac\u0113l\u0101ju ce\u013cu sagatavo\u0161anai nepiecie\u0161amas vismaz tr\u012bs diennaktis ar vismaz -5 gr\u0101diem.<\/p>\n<p>L\u012bdztekus sl\u0113po\u0161anas kalna &#8220;Lemberga h\u016bte&#8221; p\u0101rst\u0101vji past\u0101st\u012bja, ka, lai sagatavotu nepiecie\u0161amo sniega k\u0101rtu vismaz da\u013cai no sl\u0113po\u0161anas kalna nog\u0101z\u0113m ar sniega p\u016bt\u0113jiem, nepiecie\u0161amas vismaz \u010detras vai piecas dienas ar temperat\u016bru, kas konstanti ir zem\u0101ka par -4 gr\u0101diem.<\/p>\n<p>Tikm\u0113r sl\u0113po\u0161anas trases &#8220;Milzkalns&#8221; p\u0101rst\u0101vji v\u0113st\u012bja, ka \u0161obr\u012bd v\u0113l str\u0101d\u0101 pie komandas veido\u0161anas un p\u0101r\u0113jo sagatavo\u0161anas darbu paveik\u0161anas, piem\u0113ram, pac\u0113l\u0101ju sagatavo\u0161anas, tehnikas sagatavo\u0161anas, invent\u0101ra apkopes.<\/p>\n<p>Savuk\u0101rt, tauj\u0101jot par \u0161\u012bs sezonas jaunumiem, &#8220;Milzkalns&#8221; p\u0101rst\u0101vji sac\u012bja, ka ir ieg\u0101d\u0101ts da\u013c\u0113ji jauns invent\u0101rs, sl\u0113po\u0161anas trases kafejn\u012bca ieguvusi jaunu interjera dizainu, k\u0101 ar\u012b v\u0113l pl\u0101nots uzst\u0101d\u012bt v\u0113l vienu pa\u0161apkalpo\u0161an\u0101s bi\u013ce\u0161u kasi.<\/p>\n<p>&#8220;Ozolkalna&#8221; p\u0101rst\u0101vji nor\u0101d\u012bja, ka ar\u012b \u0161osezon paredz\u0113ts ned\u0113\u013cas nogal\u0113s apmekl\u0113t\u0101jiem pied\u0101v\u0101t kop\u012bgas pac\u0113l\u0101ju bi\u013cetes ar blakus eso\u0161o &#8220;\u017dagarkalnu&#8221;, kurus savienos kurs\u0113jo\u0161s sl\u0113pot\u0101ju autobuss.<\/p>\n<p>Turkl\u0101t &#8220;\u017dagarkalna&#8221; p\u0101rst\u0101vji atz\u012bm\u0113ja, ka pl\u0101nots palielin\u0101t sniega \u0123eneratoru skaitu, kas dos iesp\u0113ju \u0101tr\u0101k nokl\u0101t trases ar sniegu.<\/p>\n<p>Savuk\u0101rt &#8220;Lemberga h\u016bte&#8221; par \u0161\u012bs sezonas jaunumiem nor\u0101d\u012bja, ka sl\u0113po\u0161anas kaln\u0101 b\u016bs uzlabota ies\u0101c\u0113ju trases starta zona.<\/p>","protected":false},"excerpt":{"rendered":"<p>Avots: Leta Latvij\u0101 sl\u0113po\u0161anas trases cer atkl\u0101t sezonu l\u012bdz ar past\u0101v\u012bgi auksta laika iest\u0101\u0161anos, a\u0123ent\u016brai LETA pauda aptauj\u0101t\u0101s sl\u0113po\u0161anas tras\u0113s. Liel\u0101k\u0101 da\u013ca aptauj\u0101to sl\u0113po\u0161anas tra\u0161u nor\u0101d\u012bja, ka sniega ra\u017eo\u0161anai nepiecie\u0161ama past\u0101v\u012bga vismaz -3 gr\u0101du temperat\u016bra. Savuk\u0101rt &#8220;Ozolkalns&#8221; p\u0101rst\u0101vji a\u0123ent\u016brai LETA sac\u012bja, ka pirmo sl\u0113po\u0161anas tra\u0161u un pac\u0113l\u0101ju ce\u013cu sagatavo\u0161anai nepiecie\u0161amas vismaz tr\u012bs diennaktis ar vismaz [&hellip;]<\/p>\n","protected":false},"author":20,"featured_media":137959,"comment_status":"closed","ping_status":"closed","sticky":false,"template":"","format":"standard","meta":{"post_subheading":"","post_intro_title":"","post_intro_text":"","post_1_gallery":[],"post_main_content":"","post_banner_title":"","post_banner_text":"","post_source":"","post_faq":[],"post_toc":[],"post_conversion_block":"","post_ai_summary":"","footnotes":""},"categories":[398],"tags":[895,889,694],"country":[],"class_list":["post-137958","post","type-post","status-publish","format-standard","has-post-thumbnail","hentry","category-jaunumi","tag-jaunumi","tag-leta","tag-turisms"],"_links":{"self":[{"href":"https:\/\/new.tripthis.eu\/en\/wp-json\/wp\/v2\/posts\/137958","targetHints":{"allow":["GET"]}}],"collection":[{"href":"https:\/\/new.tripthis.eu\/en\/wp-json\/wp\/v2\/posts"}],"about":[{"href":"https:\/\/new.tripthis.eu\/en\/wp-json\/wp\/v2\/types\/post"}],"author":[{"embeddable":true,"href":"https:\/\/new.tripthis.eu\/en\/wp-json\/wp\/v2\/users\/20"}],"replies":[{"embeddable":true,"href":"https:\/\/new.tripthis.eu\/en\/wp-json\/wp\/v2\/comments?post=137958"}],"version-history":[{"count":0,"href":"https:\/\/new.tripthis.eu\/en\/wp-json\/wp\/v2\/posts\/137958\/revisions"}],"wp:featuredmedia":[{"embeddable":true,"href":"https:\/\/new.tripthis.eu\/en\/wp-json\/"}],"wp:attachment":[{"href":"https:\/\/new.tripthis.eu\/en\/wp-json\/wp\/v2\/media?parent=137958"}],"wp:term":[{"taxonomy":"category","embeddable":true,"href":"https:\/\/new.tripthis.eu\/en\/wp-json\/wp\/v2\/categories?post=137958"},{"taxonomy":"post_tag","embeddable":true,"href":"https:\/\/new.tripthis.eu\/en\/wp-json\/wp\/v2\/tags?post=137958"},{"taxonomy":"country","embeddable":true,"href":"https:\/\/new.tripthis.eu\/en\/wp-json\/wp\/v2\/country?post=137958"}],"curies":[{"name":"wp","href":"https:\/\/api.w.org\/{rel}","templated":true}]}}