{"id":130738,"date":"2024-11-18T13:48:42","date_gmt":"2024-11-18T13:48:42","guid":{"rendered":"https:\/\/tripthis.eu\/?p=130738"},"modified":"2024-11-18T13:48:42","modified_gmt":"2024-11-18T13:48:42","slug":"five-places-to-visit-in-prague","status":"publish","type":"post","link":"https:\/\/new.tripthis.eu\/en\/five-places-to-visit-in-prague\/","title":{"rendered":"Five places to visit in Prague"},"content":{"rendered":"<p>Pr\u0101ga ir \u010cehijas galvaspils\u0113ta, un t\u0101 ir viena no Eiropas skaist\u0101kaj\u0101m un v\u0113sturiski bag\u0101t\u0101kaj\u0101m pils\u0113t\u0101m. Paz\u012bstama k\u0101 &#8220;Simts tor\u0146u pils\u0113ta&#8221;, t\u0101 pied\u0101v\u0101 neaizmirstamu ce\u013cojumu cauri gadsimtiem, apvienojot gotikas, baroka, renesanses un modernisma arhitekt\u016bras stilus. Pr\u0101gas vecpils\u0113ta ir iek\u013cauta UNESCO Pasaules mantojuma sarakst\u0101, un t\u0101s centr\u0101 atrodas gleznainais Vecpils\u0113tas laukums ar ikonisko Astronomisko pulksteni un kr\u0101\u0161\u0146aj\u0101m Sv. Nikolaja un T\u012bnas bazn\u012bc\u0101m. Net\u0101lu eso\u0161ais \u010c\u0101rlza tilts, kas savieno Vecpils\u0113tu ar Hrad\u010dani un Pr\u0101gas pili. Zem\u0101k esam apkopoju\u0161i piecus galvenos apskates objektus pils\u0113t\u0101, ko ir v\u0113rts ielikt sav\u0101 ce\u013cojuma pl\u0101n\u0101!<\/p>\n<h1>Pr\u0101gas pils<\/h1>\n<p>Pr\u0101gas pils ir viens no iev\u0113rojam\u0101kajiem v\u0113stures pieminek\u013ciem \u010cehij\u0101. T\u0101 atrodas Hrad\u010dani rajon\u0101, un t\u0101 ir ne tikai Pr\u0101gas, bet ar\u012b visas valsts simbols. Pr\u0101gas pils ir liel\u0101k\u0101 v\u0113sturisk\u0101 pils pasaul\u0113, un t\u0101s teritorij\u0101 atrodas daudzi noz\u012bm\u012bgi v\u0113sturiski objekti. Dibin\u0101ta 9. gadsimt\u0101, t\u0101 gadsimtu gait\u0101 kalpojusi k\u0101 Boh\u0113mijas kara\u013cu, Sv\u0113t\u0101s Romas imp\u0113rijas imperatoru un, m\u016bsdien\u0101s, \u010cehijas prezidenta rezidence.<\/p>\n<h1><img fetchpriority=\"high\" decoding=\"async\" class=\"alignnone wp-image-130748 size-large\" src=\"https:\/\/new.tripthis.eu\/wp-content\/uploads\/2024\/11\/architecture-5037095_1920-1-1024x1024.jpg\" alt=\"Piecas apskates vietas Pr\u0101g\u0101\" width=\"1024\" height=\"1024\" \/><\/h1>\n<h1><\/h1>\n<h1>Letna parks<\/h1>\n<p>Letna parks atrodas Letn\u00e1 kaln\u0101, un t\u0101 ir iem\u012b\u013cota vieta gan viet\u0113jo iedz\u012bvot\u0101ju, gan t\u016bristu vid\u016b d\u0113\u013c br\u012bni\u0161\u0137\u012bg\u0101 skata uz Vltavas upi un Pr\u0101gas centru. Tas atrodas \u012bsas pastaigas att\u0101lum\u0101 no Pr\u0101gas vecpils\u0113tas, un pie t\u0101 ir viegli piek\u013c\u016bt gan ar k\u0101j\u0101m, gan sabiedrisko transportu. Park\u0101 ir ar\u012b vair\u0101ki b\u0101ri, kur iemalkot siltu t\u0113ju un uzkost k\u0101du gardu maiz\u012bti. Letna park\u0101 bie\u017ei vien norisin\u0101s ar\u012b da\u017e\u0101di pas\u0101kumi cauri visam gadam.<\/p>\n<p><img decoding=\"async\" class=\"alignnone wp-image-130740 size-large\" src=\"https:\/\/new.tripthis.eu\/wp-content\/uploads\/2024\/11\/prague-7172594_1920-1024x1024.jpg\" alt=\"Piecas apskates vietas Pr\u0101g\u0101\" width=\"1024\" height=\"1024\" \/><\/p>\n<p>&nbsp;<\/p>\n<h1>Sp\u0101\u0146u sinagoga<\/h1>\n<p>Sp\u0101\u0146u sinagoga ir viens no skaist\u0101kajiem ebreju mantojuma pieminek\u013ciem Pr\u0101g\u0101. T\u0101 atrodas Josefov\u0101, v\u0113sturiskaj\u0101 ebreju kvart\u0101l\u0101. Nosaukumu &#8220;Sp\u0101\u0146u sinagoga&#8221; t\u0101 ieguva t\u0101s iek\u0161\u0113j\u0101 interjera d\u0113\u013c, kas veidots mauru stil\u0101 p\u0113c Sp\u0101nijas Alhambra arhitekt\u016bras principiem. T\u0101s interjer\u0101 domin\u0113 zelta kr\u0101sa un kr\u0101sainas \u0123eometriskas moza\u012bkas, sare\u017e\u0123\u012bti ornament\u0101li raksti un vitr\u0101\u017eas logi. \u012apa\u0161i smalki veidoti ir kupola un sienu raksti. M\u016bsdien\u0101s \u0161\u012b \u0113ka ir da\u013ca no Pr\u0101gas Ebreju muzeja, un taj\u0101 izvietota ekspoz\u012bcija, kas ataino \u010cehijas un Mor\u0101vijas ebreju v\u0113sturi no 19. gadsimta l\u012bdz m\u016bsdien\u0101m. \u0160eit var uzzin\u0101t par ebreju kopienas dz\u012bvi, trad\u012bcij\u0101m, k\u0101 ar\u012b par tra\u0123isko holokausta pieredzi.<\/p>\n<p><img decoding=\"async\" class=\"alignnone wp-image-130744 size-large\" src=\"https:\/\/new.tripthis.eu\/wp-content\/uploads\/2024\/11\/candles-2628473_1920-1024x1024.jpg\" alt=\"Piecas apskates vietas Pr\u0101g\u0101\" width=\"1024\" height=\"1024\" \/><\/p>\n<p>&nbsp;<\/p>\n<h1>Dejojo\u0161\u0101 m\u0101ja<\/h1>\n<p>Dejojo\u0161\u0101 m\u0101ja ir viens no slaven\u0101kajiem un neparast\u0101kajiem m\u016bsdienu arhitekt\u016bras pieminek\u013ciem Pr\u0101g\u0101. T\u0101s unik\u0101l\u0101 dizaina d\u0113\u013c \u0113ku d\u0113v\u0113 ar\u012b par &#8220;Freds un D\u017eind\u017eera&#8221; (atsaucoties uz slaveno dejot\u0101ju p\u0101ri Fredu Ast\u0113ru un D\u017eind\u017eeru Rod\u017eersu). \u0112kas dinamiskais izskats atg\u0101dina dejot\u0101ju p\u0101ri, kur Freds simboliz\u0113 \u0113kas taisno da\u013cu, bet D\u017eind\u017eera \u2013 \u0113kas vi\u013c\u0146oto stikla konstrukciju. T\u0101 galvenok\u0101rt tiek izmantota ofisa telp\u0101m, bet aug\u0161\u0113j\u0101 st\u0101v\u0101 atrodas restor\u0101ns &#8220;Ginger &amp; Fred&#8221;, kas pied\u0101v\u0101 augstas klases \u0113dienus un fantastisku panor\u0101mas skatu uz Vltavas upi un Pr\u0101gas centru.<\/p>\n<p><img loading=\"lazy\" decoding=\"async\" class=\"alignnone wp-image-130741 size-large\" src=\"https:\/\/new.tripthis.eu\/wp-content\/uploads\/2024\/11\/building-922531_1920-1024x1024.jpg\" alt=\"Piecas apskates vietas Pr\u0101g\u0101\" width=\"1024\" height=\"1024\" \/><\/p>\n<p>&nbsp;<\/p>\n<h1>Valsts opera<\/h1>\n<div class=\"flex max-w-full flex-col flex-grow\">\n<div class=\"min-h-8 text-message flex w-full flex-col items-end gap-2 whitespace-normal break-words [.text-message+&amp;]:mt-5\" dir=\"auto\" data-message-author-role=\"assistant\" data-message-id=\"a8f18542-766b-4630-aa5d-da950c4584ca\" data-message-model-slug=\"gpt-4o\">\n<div class=\"flex w-full flex-col gap-1 empty:hidden first:pt-[3px]\">\n<div class=\"markdown prose w-full break-words dark:prose-invert light\">\n<p>Pr\u0101gas Valsts opera ir viena no iev\u0113rojam\u0101kaj\u0101m operas \u0113k\u0101m \u010cehij\u0101, kas atrodas pa\u0161\u0101 pils\u0113tas centr\u0101. T\u0101 tika atkl\u0101ta 1888. gad\u0101 k\u0101 Jaunais v\u0101cu te\u0101tris un p\u0101rst\u0101v neoklasicisma un neorokoko arhitekt\u016bras stilu. Operas nams izce\u013cas ar greznu interjeru, tostarp bag\u0101t\u012bgi rot\u0101tu skatuvi un izsmalcin\u0101tiem balkoniem, kas rada unik\u0101lu un majest\u0101tisku atmosf\u0113ru. P\u0113c v\u0113rien\u012bgas renov\u0101cijas, kas nosl\u0113dz\u0101s 2020. gad\u0101, Valsts opera pied\u0101v\u0101 modernu tehnisko apr\u012bkojumu un lielisku akustiku, saglab\u0101jot t\u0101s v\u0113sturisko \u0161armu. \u0160is kult\u016bras piemineklis ir b\u016btiska \u010cehijas m\u0101kslas sast\u0101vda\u013ca, kas apbur skat\u012bt\u0101jus ar savu greznumu un m\u0101ksliniecisko izcil\u012bbu<\/p>\n<\/div>\n<\/div>\n<\/div>\n<\/div>\n<p><img loading=\"lazy\" decoding=\"async\" class=\"alignnone wp-image-130749 size-large\" src=\"https:\/\/new.tripthis.eu\/wp-content\/uploads\/2024\/11\/paris-933961_1920-1024x1024.jpg\" alt=\"Piecas apskates vietas Pr\u0101g\u0101\" width=\"1024\" height=\"1024\" \/><\/p>\n<p>&nbsp;<\/p>\n<p>Pr\u0101ga ir slavena ar\u012b ar t\u0101s bag\u0101t\u012bgo muzik\u0101lo v\u0113sturi \u2013 no Volfganga Amadeja Mocarta l\u012bdz Boh\u0113mijas tautas m\u016bzikai, un m\u016bsdien\u0101s t\u0101 joproj\u0101m piesaista klasisk\u0101s m\u016bzikas cien\u012bt\u0101jus.\u00a0Turkl\u0101t pils\u0113ta pied\u0101v\u0101 gardu gastronomiju, tostarp slavenos \u010dehu \u0113dienus un alu, kas tiek uzskat\u012bts par vienu no lab\u0101kajiem pasaul\u0113. Pr\u0101ga ir pils\u0113ta, kur\u0101 harmoniski sapl\u016bst v\u0113sturiska elegance un dinamiska m\u016bsdienu dz\u012bve, padarot to par vienu no iecien\u012bt\u0101kajiem ce\u013cot\u0101ju galam\u0113r\u0137iem vis\u0101 pasaul\u0113.<\/p>\n","protected":false},"excerpt":{"rendered":"<p>Pr\u0101ga ir \u010cehijas galvaspils\u0113ta, un t\u0101 ir viena no Eiropas skaist\u0101kaj\u0101m un v\u0113sturiski bag\u0101t\u0101kaj\u0101m pils\u0113t\u0101m. Paz\u012bstama k\u0101 &#8220;Simts tor\u0146u pils\u0113ta&#8221;, t\u0101 pied\u0101v\u0101 neaizmirstamu ce\u013cojumu cauri gadsimtiem, apvienojot gotikas, baroka, renesanses un modernisma arhitekt\u016bras stilus. Pr\u0101gas vecpils\u0113ta ir iek\u013cauta UNESCO Pasaules mantojuma sarakst\u0101, un t\u0101s centr\u0101 atrodas gleznainais Vecpils\u0113tas laukums ar ikonisko Astronomisko pulksteni un kr\u0101\u0161\u0146aj\u0101m [&hellip;]<\/p>\n","protected":false},"author":20,"featured_media":130743,"comment_status":"closed","ping_status":"closed","sticky":false,"template":"","format":"standard","meta":{"post_subheading":"","post_intro_title":"","post_intro_text":"","post_1_gallery":[],"post_main_content":"","post_banner_title":"","post_banner_text":"","post_source":"","post_faq":[],"post_toc":[],"post_conversion_block":"","post_ai_summary":"","footnotes":""},"categories":[382],"tags":[696,427,481,694],"country":[],"class_list":["post-130738","post","type-post","status-publish","format-standard","has-post-thumbnail","hentry","category-blogs","tag-apskates-vietas","tag-leti-lidojumi-cehija","tag-praga","tag-turisms"],"_links":{"self":[{"href":"https:\/\/new.tripthis.eu\/en\/wp-json\/wp\/v2\/posts\/130738","targetHints":{"allow":["GET"]}}],"collection":[{"href":"https:\/\/new.tripthis.eu\/en\/wp-json\/wp\/v2\/posts"}],"about":[{"href":"https:\/\/new.tripthis.eu\/en\/wp-json\/wp\/v2\/types\/post"}],"author":[{"embeddable":true,"href":"https:\/\/new.tripthis.eu\/en\/wp-json\/wp\/v2\/users\/20"}],"replies":[{"embeddable":true,"href":"https:\/\/new.tripthis.eu\/en\/wp-json\/wp\/v2\/comments?post=130738"}],"version-history":[{"count":0,"href":"https:\/\/new.tripthis.eu\/en\/wp-json\/wp\/v2\/posts\/130738\/revisions"}],"wp:featuredmedia":[{"embeddable":true,"href":"https:\/\/new.tripthis.eu\/en\/wp-json\/"}],"wp:attachment":[{"href":"https:\/\/new.tripthis.eu\/en\/wp-json\/wp\/v2\/media?parent=130738"}],"wp:term":[{"taxonomy":"category","embeddable":true,"href":"https:\/\/new.tripthis.eu\/en\/wp-json\/wp\/v2\/categories?post=130738"},{"taxonomy":"post_tag","embeddable":true,"href":"https:\/\/new.tripthis.eu\/en\/wp-json\/wp\/v2\/tags?post=130738"},{"taxonomy":"country","embeddable":true,"href":"https:\/\/new.tripthis.eu\/en\/wp-json\/wp\/v2\/country?post=130738"}],"curies":[{"name":"wp","href":"https:\/\/api.w.org\/{rel}","templated":true}]}}