{"id":113175,"date":"2024-10-22T16:05:38","date_gmt":"2024-10-22T16:05:38","guid":{"rendered":"https:\/\/tripthis.eu\/?p=113175"},"modified":"2024-10-22T16:05:38","modified_gmt":"2024-10-22T16:05:38","slug":"lidojumi-no-rigas-uz-faro-portugale-sakot-no-e84-turp-atpakal-viesnica-faro-par-e51-diennakti","status":"publish","type":"post","link":"https:\/\/new.tripthis.eu\/en\/lidojumi-no-rigas-uz-faro-portugale-sakot-no-e84-turp-atpakal-viesnica-faro-par-e51-diennakti\/","title":{"rendered":"Lidojumi no R\u012bgas uz Faro (Portug\u0101le) s\u0101kot no \u20ac84 (turp-atpaka\u013c) + viesn\u012bca Faro par \u20ac51 diennakt\u012b!"},"content":{"rendered":"<p>Izdev\u012bga cena lidojumiem no R\u012bgas uz Portug\u0101les dienvidos eso\u0161o pils\u0113tu Faro s\u0101kot no<strong> \u20ac84 (turp-atpaka\u013c)<\/strong>! Pils\u0113t\u0101 noteikti vajadz\u0113tu apskat\u012bt vecpils\u0113tu, doties apskat\u012bt bazn\u012bcas un katedr\u0101les (slaven\u0101k\u0101 no t\u0101m &#8211; Se katedr\u0101le), k\u0101 ar\u012b Eife\u013ca zivju tirgu, kuru ir projekt\u0113jis Gustavs Eifels (j\u0101, Eife\u013ca tor\u0146a arhitekts). Eife\u013ca zivju tirg\u016b noteikti tiksi pie iesp\u0113jas nogar\u0161ot svaigus un gardus zivju \u0113dienus!<\/p>\n<p>Vair\u0101k par apskates viet\u0101m Faro un t\u0101s apk\u0101rtn\u0113 mekl\u0113 m\u016bsu rakst\u0101 <a href=\"https:\/\/new.tripthis.eu\/blogi\/apskates-vietas-faro-lagosa-albufeira-un-tas-apkartne\/\" target=\"_blank\" rel=\"noopener\">\u0161eit.<\/a><\/p>\n<h3><strong>LIDOJUMU DATUMI:<\/strong><\/h3>\n<p><strong>Lidojums turp: R\u012bga &#8211; Londona &#8211; Faro<\/strong><strong><br \/>\nLidojums atpaka\u013c : Faro &#8211; L\u012bdsa &#8211; R\u012bga<br \/>\n<\/strong><\/p>\n<ul style=\"list-style-type: circle;\">\n<li>09.11 &#8211; 18.11 \u20ac84 (10 dienas)<\/li>\n<li>09.11 &#8211; 25.11 \u20ac86 (17 dienas)<\/li>\n<li>03.11 &#8211; 18.11 \u20ac87 (16 dienas)<\/li>\n<li>11.11 &#8211; 18.11 \u20ac94 (8 dienas)<\/li>\n<li>11.11 &#8211; 25.11 \u20ac96 (15 dienas)<\/li>\n<li><span style=\"font-size: 14px;\">*Bi\u013ce\u0161u cenas var main\u012bties<\/span><\/li>\n<\/ul>\n<p><strong>Piem\u0113rs bi\u013ce\u0161u cen\u0101m:<\/strong><\/p>\n<p><img fetchpriority=\"high\" decoding=\"async\" class=\"alignnone size-full wp-image-113176\" src=\"https:\/\/new.tripthis.eu\/wp-content\/uploads\/2024\/10\/Screenshot-2024-10-22-185518.png\" alt=\"L\u0113tas aviobi\u013cetes uz Faro Portug\u0101l\u0113\" width=\"925\" height=\"292\" \/><\/p>\n<h2 style=\"text-align: center;\">Aviobi\u013cetes mekl\u0113 Ryanair m\u0101jaslap\u0101<\/h2>\n<p>&nbsp;<\/p>\n<p><a href=\"https:\/\/www.booking.com\/hotel\/pt\/hospedaria-sao-filipe.en.html?aid=7902493&amp;checkin_monthday=9&amp;checkin_month=11&amp;checkin_year=2024&amp;checkout_monthday=18&amp;checkout_month=11&amp;checkout_year=2024&amp;no_rooms=1&amp;group_adults=2\" target=\"_blank\" rel=\"noopener\"><img decoding=\"async\" class=\"aligncenter wp-image-113177 size-full\" src=\"https:\/\/new.tripthis.eu\/wp-content\/uploads\/2024\/10\/Screenshot-2024-10-22-190018.png\" alt=\"L\u0113tas aviobi\u013cetes uz Faro Portug\u0101l\u0113\" width=\"802\" height=\"262\" \/><\/a><\/p>\n<h2 style=\"text-align: center;\"><a href=\"https:\/\/www.booking.com\/hotel\/pt\/hospedaria-sao-filipe.en.html?aid=7902493&amp;checkin_monthday=9&amp;checkin_month=11&amp;checkin_year=2024&amp;checkout_monthday=18&amp;checkout_month=11&amp;checkout_year=2024&amp;no_rooms=1&amp;group_adults=2\" target=\"_blank\" rel=\"noopener\">Viesn\u012bca Faro par \u20ac51 diennakt\u012b! Pied\u0101v\u0101jumu mekl\u0113 \u0161eit!<\/a><\/h2>\n<p>[INSERT_ELEMENTOR id=&#8221;23936&#8243;]<\/p>\n","protected":false},"excerpt":{"rendered":"<p>Izdev\u012bga cena lidojumiem no R\u012bgas uz Portug\u0101les dienvidos eso\u0161o pils\u0113tu Faro s\u0101kot no \u20ac84 (turp-atpaka\u013c)! Pils\u0113t\u0101 noteikti vajadz\u0113tu apskat\u012bt vecpils\u0113tu, doties apskat\u012bt bazn\u012bcas un katedr\u0101les (slaven\u0101k\u0101 no t\u0101m &#8211; Se katedr\u0101le), k\u0101 ar\u012b Eife\u013ca zivju tirgu, kuru ir projekt\u0113jis Gustavs Eifels (j\u0101, Eife\u013ca tor\u0146a arhitekts). Eife\u013ca zivju tirg\u016b noteikti tiksi pie iesp\u0113jas nogar\u0161ot svaigus un [&hellip;]<\/p>\n","protected":false},"author":20,"featured_media":80250,"comment_status":"closed","ping_status":"closed","sticky":false,"template":"","format":"standard","meta":{"post_subheading":"","post_intro_title":"","post_intro_text":"","post_1_gallery":[],"post_main_content":"","post_banner_title":"","post_banner_text":"","post_source":"","post_faq":[],"post_toc":[],"post_conversion_block":"","post_ai_summary":"","footnotes":""},"categories":[383],"tags":[399,508,564,389,385],"country":[],"class_list":["post-113175","post","type-post","status-publish","format-standard","has-post-thumbnail","hentry","category-letas-aviobiletes","tag-399","tag-faro","tag-novembris","tag-letas-aviobiletes-uz-portugali","tag-ryanair"],"_links":{"self":[{"href":"https:\/\/new.tripthis.eu\/en\/wp-json\/wp\/v2\/posts\/113175","targetHints":{"allow":["GET"]}}],"collection":[{"href":"https:\/\/new.tripthis.eu\/en\/wp-json\/wp\/v2\/posts"}],"about":[{"href":"https:\/\/new.tripthis.eu\/en\/wp-json\/wp\/v2\/types\/post"}],"author":[{"embeddable":true,"href":"https:\/\/new.tripthis.eu\/en\/wp-json\/wp\/v2\/users\/20"}],"replies":[{"embeddable":true,"href":"https:\/\/new.tripthis.eu\/en\/wp-json\/wp\/v2\/comments?post=113175"}],"version-history":[{"count":0,"href":"https:\/\/new.tripthis.eu\/en\/wp-json\/wp\/v2\/posts\/113175\/revisions"}],"wp:featuredmedia":[{"embeddable":true,"href":"https:\/\/new.tripthis.eu\/en\/wp-json\/"}],"wp:attachment":[{"href":"https:\/\/new.tripthis.eu\/en\/wp-json\/wp\/v2\/media?parent=113175"}],"wp:term":[{"taxonomy":"category","embeddable":true,"href":"https:\/\/new.tripthis.eu\/en\/wp-json\/wp\/v2\/categories?post=113175"},{"taxonomy":"post_tag","embeddable":true,"href":"https:\/\/new.tripthis.eu\/en\/wp-json\/wp\/v2\/tags?post=113175"},{"taxonomy":"country","embeddable":true,"href":"https:\/\/new.tripthis.eu\/en\/wp-json\/wp\/v2\/country?post=113175"}],"curies":[{"name":"wp","href":"https:\/\/api.w.org\/{rel}","templated":true}]}}